{"id":14379,"date":"2019-08-28T14:22:26","date_gmt":"2019-08-28T12:22:26","guid":{"rendered":"https:\/\/www.debem.com\/?p=14379"},"modified":"2022-03-23T16:07:40","modified_gmt":"2022-03-23T16:07:40","slug":"european-coatings-show-2019-4","status":"publish","type":"post","link":"https:\/\/www.debem.com\/de\/european-coatings-show-2019-4\/","title":{"rendered":"European Coatings Show 2019"},"content":{"rendered":"\r\n<p><img loading=\"lazy\" decoding=\"async\" class=\"alignnone wp-image-14168 size-large\" src=\"https:\/\/www.debem.com\/wp-content\/uploads\/sites\/3\/2022\/03\/2-681x1024.jpg\" alt=\"\" width=\"681\" height=\"1024\" \/><\/p>\r\n<p>Auf dem Weltmarkt herrscht st\u00e4ndig wachsende Nachfrage nach Lacken und Oberfl\u00e4chenbeschichtungen und vor diesem Hintergrund fand in N\u00fcrnberg (Deutschland) vom 19. bis zum 21. M\u00e4rz 2019 die Messe European Coatings Show statt, an der wir mit einem innovativen Stand voller technischer Besonderheiten teilgenommen haben.<\/p>\r\n<p><img loading=\"lazy\" decoding=\"async\" class=\"alignnone wp-image-14163 size-large\" src=\"https:\/\/www.debem.com\/wp-content\/uploads\/sites\/3\/2022\/03\/5-1024x681.jpg\" alt=\"\" width=\"1024\" height=\"681\" \/><\/p>\r\n<p><img loading=\"lazy\" decoding=\"async\" class=\"size-medium wp-image-14158 alignleft\" src=\"https:\/\/www.debem.com\/wp-content\/uploads\/sites\/3\/2022\/03\/2222-300x183.jpg\" alt=\"\" width=\"300\" height=\"183\" \/>Die Messe war ein gro\u00dfer Erfolg und wir konnten einen \u00e4u\u00dferst regen Besucherandrang verzeichnen. Das neugierige und anspruchsvolle Publikum zeigte gro\u00dfes Interesse an der Pr\u00e4sentation der brandaktuellen Innovationen unseres Unternehmens, unserer Produktlinie f\u00fcr den Transfer von Lacken, Tinten, Beschichtungen, Dicht- und Klebstoffen. <strong>Technologisch fortschrittliche Pumpen<\/strong> f\u00fcr die Bereiche Druck, Lacke, L\u00f6sungsmittel und Klebstoffe:\u00a0<strong>innovative L\u00f6sungen<\/strong>, durch die alle branchenspezifischen Probleme beseitigt werden k\u00f6nnen.<\/p>\r\n<p><img loading=\"lazy\" decoding=\"async\" class=\"alignnone wp-image-14133 size-large\" src=\"https:\/\/www.debem.com\/wp-content\/uploads\/sites\/3\/2022\/03\/1-1024x681.jpg\" alt=\"\" width=\"1024\" height=\"681\" \/><\/p>\r\n<p><strong>Was war auf unserem Stand zu sehen?\u00a0<\/strong><\/p>\r\n<p>Wir haben die neue Pumpe <strong>BOXER FPC 100<\/strong> vorgestellt. Diese Druckluft-Doppelmembranpumpe besteht dank ihrer Verarbeitung an einer Werkzeugmaschine zur G\u00e4nze aus <strong>PTFE<\/strong>. Eine einzigartige Pumpe f\u00fcr unz\u00e4hlige Anwendungen sowohl im Bereich der L\u00f6sungsmittel und Lacke, wie in der chemischen Industrie f\u00fcr den Transfer besonders aggressiver Fl\u00fcssigkeiten und im Nahrungsmittelbereich, da das einzige Material, das mit dem Medium in Ber\u00fchrung ger\u00e4t <strong>PTFE FDA <\/strong>ist. Die Pumpe ist zur G\u00e4nze mit einem Metallrahmen aus Edelstahl <strong>AISI 316<\/strong> ummantelt. Dadurch ist sie robust und verformungsbest\u00e4ndig.<\/p>\r\n<p><img loading=\"lazy\" decoding=\"async\" class=\"alignnone wp-image-14127 size-large\" src=\"https:\/\/www.debem.com\/wp-content\/uploads\/sites\/3\/2022\/03\/049-BOXER-FPC-100-1024x768.png\" alt=\"\" width=\"1024\" height=\"768\" \/><\/p>\r\n<p>Im Rampenlicht standen auch die neuen, kleineren Pumpen, die ideal f\u00fcr die Grafikindustrie und den Transfer von Lacken und Glasuren (sowohl auf Wasser- wie auf L\u00f6sungsmittelbasis) sind, wie die <strong>BOXER 7<\/strong> und die <strong>BOXER 15<\/strong>.<\/p>\r\n<p>Die Pumpe <strong>BOXER 7<\/strong> bedeutet <strong>H\u00f6chstleistungen bei gleichzeitig extrem kompakten Abmessungen.<\/strong> Unser Ziel war die Schaffung einer der kleinsten im Handel erh\u00e4ltlichen Membranpumpen mit einer Leistung, die jenen ihrer gr\u00f6\u00dferen Schwestern um nichts nachsteht. Dazu haben wir die Gr\u00f6\u00dfe der Pumpe <strong>MIDGETBOX <\/strong>mit den besonderen Eigenschaften der normalen <strong>BOXER<\/strong>-Pumpen verkn\u00fcpft. Diese Pumpe hat \u00bc\u201d Gas F-Anschl\u00fcsse und schafft Durchflussmengen von ganzen 9 Litern pro Minute und kann im Unterschied zur <strong>MIDGETBOX<\/strong> auch durch kleine schwebende Feststoffen verunreinigte Medien f\u00f6rdern.<\/p>\r\n<p><img loading=\"lazy\" decoding=\"async\" class=\"alignnone wp-image-14138 size-large\" src=\"https:\/\/www.debem.com\/wp-content\/uploads\/sites\/3\/2022\/03\/BOXER-7_PP_01-04-1024x768.png\" alt=\"\" width=\"1024\" height=\"768\" \/><\/p>\r\n<p>Die Pumpe <strong>BOXER 15<\/strong> verbindet die Abmessungen der Pumpe <strong>CUBIC15<\/strong> mit dem f\u00fcr <strong>BOXER<\/strong>-Pumpen typischen Design und kann trotz der geringen Gr\u00f6\u00dfe ansehnliche 17 Liter pro Minute f\u00f6rdern. Die Saug- und Druckanschl\u00fcsse sind 3\/8\u201d G F.<\/p>\r\n<p><img loading=\"lazy\" decoding=\"async\" class=\"alignnone wp-image-14143 size-large\" src=\"https:\/\/www.debem.com\/wp-content\/uploads\/sites\/3\/2022\/03\/BOXER-15_PP_01-04-1024x768.png\" alt=\"\" width=\"1024\" height=\"768\" \/><\/p>\r\n<p>Die Aufmerksamkeit der Besucher erregte auch das Verdoppelungssystem f\u00fcr Druckluftpumpen eines innovativen Ausstellers, der zeigt, wie mit einer einzigen Pumpe zwei verschiedene Medien gef\u00f6rdert werden k\u00f6nnen.<\/p>\r\n<p><img loading=\"lazy\" decoding=\"async\" class=\"size-medium wp-image-14148 alignleft\" src=\"https:\/\/www.debem.com\/wp-content\/uploads\/sites\/3\/2022\/03\/3-200x300.jpg\" alt=\"\" width=\"200\" height=\"300\" \/>Denn unser Unternehmen macht keinen R\u00fcckzieher, wenn es darum geht, bestehende Produkte kundenspezifisch anzupassen, um alle Kundenw\u00fcnsche zu erf\u00fcllen. Ist es erforderlich, mehrere Medien mit denselben chemisch\/physikalischen Eigenschaften zu f\u00f6rdern, steht allerdings der f\u00fcr die Installation mehrerer Pumpen n\u00f6tige Platz nicht zur Verf\u00fcgung, kann die Pumpe selbst modifiziert werden (indem die normalen Kr\u00fcmmer durch Doppelkr\u00fcmmer ersetzt werden), sodass eine einzige Pumpe zwei verschiedene Medien f\u00f6rdern kann. Das ist z. B. in den Farbk\u00fcchen, richtigen Anlagen f\u00fcr die Dosierung, Mischung und das Handling von industriellen Farbstoffen in Bereichen wie etwa der Textilbranche, der Fall. Dort muss aufgrund der engen Platzverh\u00e4ltnisse, unter denen die Pumpen installiert werden, h\u00e4ufig auf solche \u00c4nderungen zur\u00fcckgegriffen werden.<\/p>\r\n<p><img loading=\"lazy\" decoding=\"async\" class=\"alignnone wp-image-14153 size-large\" src=\"https:\/\/www.debem.com\/wp-content\/uploads\/sites\/3\/2022\/03\/BOXER-150_ambientato_02-1024x768.png\" alt=\"\" width=\"1024\" height=\"768\" \/><\/p>\r\n<p>Wir danken Ihnen allen f\u00fcr Ihren Besuch! Bleiben Sie doch hinsichtlich all unserer Neuigkeiten auf dem Laufenden, indem Sie den Blog von Debem abonnieren.\u00a0<\/p>\r\n<p><img loading=\"lazy\" decoding=\"async\" class=\"alignnone wp-image-14173 size-large\" src=\"https:\/\/www.debem.com\/wp-content\/uploads\/sites\/3\/2022\/03\/4-1024x681.jpg\" alt=\"\" width=\"1024\" height=\"681\" \/><\/p>\r\n","protected":false},"excerpt":{"rendered":"Auf dem Weltmarkt herrscht st\u00e4ndig wachsende Nachfrage nach Lacken und Oberfl\u00e4chenbeschichtungen und vor diesem Hintergrund fand in N\u00fcrnberg (Deutschland) vom 19. bis zum 21. M\u00e4rz 2019 die Messe European Coatings Show statt, an der wir mit einem innovativen Stand voller technischer Besonderheiten teilgenommen haben. Die Messe war ein gro\u00dfer Erfolg und wir konnten einen \u00e4u\u00dferst regen Besucherandrang verzeichnen. Das neugierige und anspruchsvolle Publikum zeigte gro\u00dfes Interesse an der Pr\u00e4sentation der brandaktuellen Innovationen unseres Unternehmens, unserer Produktlinie f\u00fcr den Transfer von Lacken, Tinten, Beschichtungen, Dicht- und Klebstoffen. Technologisch fortschrittliche Pumpen f\u00fcr die Bereiche Druck, Lacke, L\u00f6sungsmittel und Klebstoffe:\u00a0innovative L\u00f6sungen, durch die alle branchenspezifischen Probleme beseitigt werden k\u00f6nnen. Was war auf unserem Stand zu sehen?\u00a0 Wir haben die neue Pumpe BOXER FPC 100 vorgestellt. Diese Druckluft-Doppelmembranpumpe besteht dank ihrer Verarbeitung an einer Werkzeugmaschine zur G\u00e4nze aus PTFE. Eine einzigartige Pumpe f\u00fcr unz\u00e4hlige Anwendungen sowohl im Bereich der L\u00f6sungsmittel und Lacke, wie in der chemischen Industrie f\u00fcr den Transfer besonders aggressiver Fl\u00fcssigkeiten und im Nahrungsmittelbereich, da das einzige Material, das mit dem Medium in Ber\u00fchrung ger\u00e4t PTFE FDA ist. Die Pumpe ist zur G\u00e4nze mit einem Metallrahmen aus Edelstahl AISI 316 ummantelt. Dadurch ist sie robust und verformungsbest\u00e4ndig. Im Rampenlicht standen auch die...","protected":false},"author":4,"featured_media":34682,"comment_status":"closed","ping_status":"closed","sticky":false,"template":"","format":"standard","meta":{"mc4wp_mailchimp_campaign":[],"footnotes":""},"categories":[451],"tags":[],"class_list":["post-14379","post","type-post","status-publish","format-standard","has-post-thumbnail","hentry","category-news-de"],"aioseo_notices":[],"_links":{"self":[{"href":"https:\/\/www.debem.com\/de\/wp-json\/wp\/v2\/posts\/14379","targetHints":{"allow":["GET"]}}],"collection":[{"href":"https:\/\/www.debem.com\/de\/wp-json\/wp\/v2\/posts"}],"about":[{"href":"https:\/\/www.debem.com\/de\/wp-json\/wp\/v2\/types\/post"}],"author":[{"embeddable":true,"href":"https:\/\/www.debem.com\/de\/wp-json\/wp\/v2\/users\/4"}],"replies":[{"embeddable":true,"href":"https:\/\/www.debem.com\/de\/wp-json\/wp\/v2\/comments?post=14379"}],"version-history":[{"count":0,"href":"https:\/\/www.debem.com\/de\/wp-json\/wp\/v2\/posts\/14379\/revisions"}],"wp:featuredmedia":[{"embeddable":true,"href":"https:\/\/www.debem.com\/de\/wp-json\/wp\/v2\/media\/34682"}],"wp:attachment":[{"href":"https:\/\/www.debem.com\/de\/wp-json\/wp\/v2\/media?parent=14379"}],"wp:term":[{"taxonomy":"category","embeddable":true,"href":"https:\/\/www.debem.com\/de\/wp-json\/wp\/v2\/categories?post=14379"},{"taxonomy":"post_tag","embeddable":true,"href":"https:\/\/www.debem.com\/de\/wp-json\/wp\/v2\/tags?post=14379"}],"curies":[{"name":"wp","href":"https:\/\/api.w.org\/{rel}","templated":true}]}}